
{"id":325,"date":"2017-03-07T10:23:03","date_gmt":"2017-03-07T10:23:03","guid":{"rendered":"http:\/\/solaga.de\/?p=325"},"modified":"2021-12-16T21:09:52","modified_gmt":"2021-12-16T21:09:52","slug":"solaga-haelt-impulsvortrag-beim-vku","status":"publish","type":"post","link":"https:\/\/www.solaga.de\/en\/2017\/03\/solaga-haelt-impulsvortrag-beim-vku\/","title":{"rendered":"Solaga h\u00e4lt Impulsvortrag beim VKU"},"content":{"rendered":"<p>Bei einem Verbandstreffen des VKU (Verband kommunaler Unternehmen) konnte Solaga seine Technologie pr\u00e4sentieren. Bei dem Treffen von kommunalen W\u00e4rmeversorgern und Stadtwerken sowie anderen Verb\u00e4nden (Gemeindebund), Universit\u00e4ten (BTU Cottbus) und Stiftungen wurde das Thema W\u00e4rmewende besprochen und versucht eine gemeinsame Linie f\u00fcr den Bundestagswahlkampf zu erarbeiten.<\/p>\n<p><a href=\"http:\/\/solaga.de\/wp-content\/uploads\/2017\/03\/JurPPQkC.jpeg\"><img decoding=\"async\" class=\"alignnone  wp-image-326\" src=\"http:\/\/solaga.de\/wp-content\/uploads\/2017\/03\/JurPPQkC.jpeg\" alt=\"\" width=\"207\" height=\"207\" srcset=\"https:\/\/www.solaga.de\/wp-content\/uploads\/2017\/03\/JurPPQkC.jpeg 480w, https:\/\/www.solaga.de\/wp-content\/uploads\/2017\/03\/JurPPQkC-100x100.jpeg 100w, https:\/\/www.solaga.de\/wp-content\/uploads\/2017\/03\/JurPPQkC-300x300.jpeg 300w, https:\/\/www.solaga.de\/wp-content\/uploads\/2017\/03\/JurPPQkC-150x150.jpeg 150w\" sizes=\"(max-width: 207px) 100vw, 207px\" \/><\/a><\/p>","protected":false},"excerpt":{"rendered":"<p>Bei einem Verbandstreffen des VKU (Verband kommunaler Unternehmen) konnte Solaga seine Technologie pr\u00e4sentieren. Bei dem Treffen von kommunalen W\u00e4rmeversorgern und Stadtwerken sowie anderen Verb\u00e4nden (Gemeindebund), Universit\u00e4ten (BTU Cottbus) und Stiftungen [&hellip;]<\/p>\n","protected":false},"author":24,"featured_media":0,"comment_status":"open","ping_status":"closed","sticky":false,"template":"","format":"standard","meta":{"content-type":"","ocean_post_layout":"","ocean_both_sidebars_style":"","ocean_both_sidebars_content_width":0,"ocean_both_sidebars_sidebars_width":0,"ocean_sidebar":"","ocean_second_sidebar":"","ocean_disable_margins":"enable","ocean_add_body_class":"","ocean_shortcode_before_top_bar":"","ocean_shortcode_after_top_bar":"","ocean_shortcode_before_header":"","ocean_shortcode_after_header":"","ocean_has_shortcode":"","ocean_shortcode_after_title":"","ocean_shortcode_before_footer_widgets":"","ocean_shortcode_after_footer_widgets":"","ocean_shortcode_before_footer_bottom":"","ocean_shortcode_after_footer_bottom":"","ocean_display_top_bar":"default","ocean_display_header":"default","ocean_header_style":"","ocean_center_header_left_menu":"","ocean_custom_header_template":"","ocean_custom_logo":0,"ocean_custom_retina_logo":0,"ocean_custom_logo_max_width":0,"ocean_custom_logo_tablet_max_width":0,"ocean_custom_logo_mobile_max_width":0,"ocean_custom_logo_max_height":0,"ocean_custom_logo_tablet_max_height":0,"ocean_custom_logo_mobile_max_height":0,"ocean_header_custom_menu":"","ocean_menu_typo_font_family":"","ocean_menu_typo_font_subset":"","ocean_menu_typo_font_size":0,"ocean_menu_typo_font_size_tablet":0,"ocean_menu_typo_font_size_mobile":0,"ocean_menu_typo_font_size_unit":"px","ocean_menu_typo_font_weight":"","ocean_menu_typo_font_weight_tablet":"","ocean_menu_typo_font_weight_mobile":"","ocean_menu_typo_transform":"","ocean_menu_typo_transform_tablet":"","ocean_menu_typo_transform_mobile":"","ocean_menu_typo_line_height":0,"ocean_menu_typo_line_height_tablet":0,"ocean_menu_typo_line_height_mobile":0,"ocean_menu_typo_line_height_unit":"","ocean_menu_typo_spacing":0,"ocean_menu_typo_spacing_tablet":0,"ocean_menu_typo_spacing_mobile":0,"ocean_menu_typo_spacing_unit":"","ocean_menu_link_color":"","ocean_menu_link_color_hover":"","ocean_menu_link_color_active":"","ocean_menu_link_background":"","ocean_menu_link_hover_background":"","ocean_menu_link_active_background":"","ocean_menu_social_links_bg":"","ocean_menu_social_hover_links_bg":"","ocean_menu_social_links_color":"","ocean_menu_social_hover_links_color":"","ocean_disable_title":"default","ocean_disable_heading":"default","ocean_post_title":"","ocean_post_subheading":"","ocean_post_title_style":"","ocean_post_title_background_color":"","ocean_post_title_background":0,"ocean_post_title_bg_image_position":"","ocean_post_title_bg_image_attachment":"","ocean_post_title_bg_image_repeat":"","ocean_post_title_bg_image_size":"","ocean_post_title_height":0,"ocean_post_title_bg_overlay":0.5,"ocean_post_title_bg_overlay_color":"","ocean_disable_breadcrumbs":"default","ocean_breadcrumbs_color":"","ocean_breadcrumbs_separator_color":"","ocean_breadcrumbs_links_color":"","ocean_breadcrumbs_links_hover_color":"","ocean_display_footer_widgets":"default","ocean_display_footer_bottom":"default","ocean_custom_footer_template":"","ocean_post_oembed":"","ocean_post_self_hosted_media":"","ocean_post_video_embed":"","ocean_link_format":"","ocean_link_format_target":"self","ocean_quote_format":"","ocean_quote_format_link":"post","ocean_gallery_link_images":"on","ocean_gallery_id":[],"footnotes":""},"categories":[1],"tags":[],"class_list":["post-325","post","type-post","status-publish","format-standard","hentry","category-blog","entry","owp-thumbs-layout-vertical","owp-btn-normal","owp-tabs-layout-section","has-no-thumbnails"],"yoast_head":"<!-- This site is optimized with the Yoast SEO plugin v27.4 - https:\/\/yoast.com\/product\/yoast-seo-wordpress\/ -->\n<title>Solaga h\u00e4lt Impulsvortrag beim VKU - Solaga - Besseres Klima durch Algenwand<\/title>\n<meta name=\"robots\" content=\"index, follow, max-snippet:-1, max-image-preview:large, max-video-preview:-1\" \/>\n<link rel=\"canonical\" href=\"https:\/\/www.solaga.de\/en\/2017\/03\/solaga-haelt-impulsvortrag-beim-vku\/\" \/>\n<meta property=\"og:locale\" content=\"en_GB\" \/>\n<meta property=\"og:type\" content=\"article\" \/>\n<meta property=\"og:title\" content=\"Solaga h\u00e4lt Impulsvortrag beim VKU - Solaga - Besseres Klima durch Algenwand\" \/>\n<meta property=\"og:description\" content=\"Bei einem Verbandstreffen des VKU (Verband kommunaler Unternehmen) konnte Solaga seine Technologie pr\u00e4sentieren. Bei dem Treffen von kommunalen W\u00e4rmeversorgern und Stadtwerken sowie anderen Verb\u00e4nden (Gemeindebund), Universit\u00e4ten (BTU Cottbus) und Stiftungen [&hellip;]\" \/>\n<meta property=\"og:url\" content=\"https:\/\/www.solaga.de\/en\/2017\/03\/solaga-haelt-impulsvortrag-beim-vku\/\" \/>\n<meta property=\"og:site_name\" content=\"Solaga - Besseres Klima durch Algenwand\" \/>\n<meta property=\"article:publisher\" content=\"https:\/\/www.facebook.com\/solagabiotech\/\" \/>\n<meta property=\"article:published_time\" content=\"2017-03-07T10:23:03+00:00\" \/>\n<meta property=\"article:modified_time\" content=\"2021-12-16T21:09:52+00:00\" \/>\n<meta property=\"og:image\" content=\"http:\/\/solaga.de\/wp-content\/uploads\/2017\/03\/JurPPQkC.jpeg\" \/>\n<meta name=\"author\" content=\"Johann Bauerfeind\" \/>\n<meta name=\"twitter:card\" content=\"summary_large_image\" \/>\n<meta name=\"twitter:creator\" content=\"@solagade\" \/>\n<meta name=\"twitter:site\" content=\"@solagade\" \/>\n<meta name=\"twitter:label1\" content=\"Written by\" \/>\n\t<meta name=\"twitter:data1\" content=\"Johann Bauerfeind\" \/>\n<script type=\"application\/ld+json\" class=\"yoast-schema-graph\">{\"@context\":\"https:\\\/\\\/schema.org\",\"@graph\":[{\"@type\":\"Article\",\"@id\":\"https:\\\/\\\/www.solaga.de\\\/2017\\\/03\\\/solaga-haelt-impulsvortrag-beim-vku\\\/#article\",\"isPartOf\":{\"@id\":\"https:\\\/\\\/www.solaga.de\\\/2017\\\/03\\\/solaga-haelt-impulsvortrag-beim-vku\\\/\"},\"author\":{\"name\":\"Johann Bauerfeind\",\"@id\":\"https:\\\/\\\/www.solaga.de\\\/#\\\/schema\\\/person\\\/872d56a442fcdf3ecd5b9f86c5f64847\"},\"headline\":\"Solaga h\u00e4lt Impulsvortrag beim VKU\",\"datePublished\":\"2017-03-07T10:23:03+00:00\",\"dateModified\":\"2021-12-16T21:09:52+00:00\",\"mainEntityOfPage\":{\"@id\":\"https:\\\/\\\/www.solaga.de\\\/2017\\\/03\\\/solaga-haelt-impulsvortrag-beim-vku\\\/\"},\"wordCount\":57,\"commentCount\":0,\"publisher\":{\"@id\":\"https:\\\/\\\/www.solaga.de\\\/#organization\"},\"image\":{\"@id\":\"https:\\\/\\\/www.solaga.de\\\/2017\\\/03\\\/solaga-haelt-impulsvortrag-beim-vku\\\/#primaryimage\"},\"thumbnailUrl\":\"http:\\\/\\\/solaga.de\\\/wp-content\\\/uploads\\\/2017\\\/03\\\/JurPPQkC.jpeg\",\"articleSection\":[\"Blog\"],\"inLanguage\":\"en-GB\",\"potentialAction\":[{\"@type\":\"CommentAction\",\"name\":\"Comment\",\"target\":[\"https:\\\/\\\/www.solaga.de\\\/2017\\\/03\\\/solaga-haelt-impulsvortrag-beim-vku\\\/#respond\"]}]},{\"@type\":\"WebPage\",\"@id\":\"https:\\\/\\\/www.solaga.de\\\/2017\\\/03\\\/solaga-haelt-impulsvortrag-beim-vku\\\/\",\"url\":\"https:\\\/\\\/www.solaga.de\\\/2017\\\/03\\\/solaga-haelt-impulsvortrag-beim-vku\\\/\",\"name\":\"Solaga h\u00e4lt Impulsvortrag beim VKU - Solaga - Besseres Klima durch Algenwand\",\"isPartOf\":{\"@id\":\"https:\\\/\\\/www.solaga.de\\\/#website\"},\"primaryImageOfPage\":{\"@id\":\"https:\\\/\\\/www.solaga.de\\\/2017\\\/03\\\/solaga-haelt-impulsvortrag-beim-vku\\\/#primaryimage\"},\"image\":{\"@id\":\"https:\\\/\\\/www.solaga.de\\\/2017\\\/03\\\/solaga-haelt-impulsvortrag-beim-vku\\\/#primaryimage\"},\"thumbnailUrl\":\"http:\\\/\\\/solaga.de\\\/wp-content\\\/uploads\\\/2017\\\/03\\\/JurPPQkC.jpeg\",\"datePublished\":\"2017-03-07T10:23:03+00:00\",\"dateModified\":\"2021-12-16T21:09:52+00:00\",\"breadcrumb\":{\"@id\":\"https:\\\/\\\/www.solaga.de\\\/2017\\\/03\\\/solaga-haelt-impulsvortrag-beim-vku\\\/#breadcrumb\"},\"inLanguage\":\"en-GB\",\"potentialAction\":[{\"@type\":\"ReadAction\",\"target\":[\"https:\\\/\\\/www.solaga.de\\\/2017\\\/03\\\/solaga-haelt-impulsvortrag-beim-vku\\\/\"]}]},{\"@type\":\"ImageObject\",\"inLanguage\":\"en-GB\",\"@id\":\"https:\\\/\\\/www.solaga.de\\\/2017\\\/03\\\/solaga-haelt-impulsvortrag-beim-vku\\\/#primaryimage\",\"url\":\"http:\\\/\\\/solaga.de\\\/wp-content\\\/uploads\\\/2017\\\/03\\\/JurPPQkC.jpeg\",\"contentUrl\":\"http:\\\/\\\/solaga.de\\\/wp-content\\\/uploads\\\/2017\\\/03\\\/JurPPQkC.jpeg\"},{\"@type\":\"BreadcrumbList\",\"@id\":\"https:\\\/\\\/www.solaga.de\\\/2017\\\/03\\\/solaga-haelt-impulsvortrag-beim-vku\\\/#breadcrumb\",\"itemListElement\":[{\"@type\":\"ListItem\",\"position\":1,\"name\":\"Startseite\",\"item\":\"https:\\\/\\\/www.solaga.de\\\/\"},{\"@type\":\"ListItem\",\"position\":2,\"name\":\"Solaga h\u00e4lt Impulsvortrag beim VKU\"}]},{\"@type\":\"WebSite\",\"@id\":\"https:\\\/\\\/www.solaga.de\\\/#website\",\"url\":\"https:\\\/\\\/www.solaga.de\\\/\",\"name\":\"Solaga\",\"description\":\"Solaga - F\u00fcr gr\u00fcnere und bessere Luft\",\"publisher\":{\"@id\":\"https:\\\/\\\/www.solaga.de\\\/#organization\"},\"potentialAction\":[{\"@type\":\"SearchAction\",\"target\":{\"@type\":\"EntryPoint\",\"urlTemplate\":\"https:\\\/\\\/www.solaga.de\\\/?s={search_term_string}\"},\"query-input\":{\"@type\":\"PropertyValueSpecification\",\"valueRequired\":true,\"valueName\":\"search_term_string\"}}],\"inLanguage\":\"en-GB\"},{\"@type\":\"Organization\",\"@id\":\"https:\\\/\\\/www.solaga.de\\\/#organization\",\"name\":\"Solaga\",\"url\":\"https:\\\/\\\/www.solaga.de\\\/\",\"logo\":{\"@type\":\"ImageObject\",\"inLanguage\":\"en-GB\",\"@id\":\"https:\\\/\\\/www.solaga.de\\\/#\\\/schema\\\/logo\\\/image\\\/\",\"url\":\"https:\\\/\\\/www.solaga.de\\\/wp-content\\\/uploads\\\/2018\\\/08\\\/logo_film.jpg\",\"contentUrl\":\"https:\\\/\\\/www.solaga.de\\\/wp-content\\\/uploads\\\/2018\\\/08\\\/logo_film.jpg\",\"width\":2672,\"height\":933,\"caption\":\"Solaga\"},\"image\":{\"@id\":\"https:\\\/\\\/www.solaga.de\\\/#\\\/schema\\\/logo\\\/image\\\/\"},\"sameAs\":[\"https:\\\/\\\/www.facebook.com\\\/solagabiotech\\\/\",\"https:\\\/\\\/x.com\\\/solagade\",\"https:\\\/\\\/www.instagram.com\\\/solaga.de\",\"https:\\\/\\\/de.linkedin.com\\\/company\\\/solaga\",\"https:\\\/\\\/www.youtube.com\\\/channel\\\/UCLUcLurk3_16zP2d3qHuJiw\"]},{\"@type\":\"Person\",\"@id\":\"https:\\\/\\\/www.solaga.de\\\/#\\\/schema\\\/person\\\/872d56a442fcdf3ecd5b9f86c5f64847\",\"name\":\"Johann Bauerfeind\",\"image\":{\"@type\":\"ImageObject\",\"inLanguage\":\"en-GB\",\"@id\":\"https:\\\/\\\/secure.gravatar.com\\\/avatar\\\/47c75aae355d60685c96e34edb906df689c295cc33908d7a43c21b87379cdd1c?s=96&d=mm&r=g\",\"url\":\"https:\\\/\\\/secure.gravatar.com\\\/avatar\\\/47c75aae355d60685c96e34edb906df689c295cc33908d7a43c21b87379cdd1c?s=96&d=mm&r=g\",\"contentUrl\":\"https:\\\/\\\/secure.gravatar.com\\\/avatar\\\/47c75aae355d60685c96e34edb906df689c295cc33908d7a43c21b87379cdd1c?s=96&d=mm&r=g\",\"caption\":\"Johann Bauerfeind\"},\"url\":\"https:\\\/\\\/www.solaga.de\\\/en\\\/author\\\/johann\\\/\"}]}<\/script>\n<!-- \/ Yoast SEO plugin. -->","yoast_head_json":{"title":"Solaga h\u00e4lt Impulsvortrag beim VKU - Solaga - Besseres Klima durch Algenwand","robots":{"index":"index","follow":"follow","max-snippet":"max-snippet:-1","max-image-preview":"max-image-preview:large","max-video-preview":"max-video-preview:-1"},"canonical":"https:\/\/www.solaga.de\/en\/2017\/03\/solaga-haelt-impulsvortrag-beim-vku\/","og_locale":"en_GB","og_type":"article","og_title":"Solaga h\u00e4lt Impulsvortrag beim VKU - Solaga - Besseres Klima durch Algenwand","og_description":"Bei einem Verbandstreffen des VKU (Verband kommunaler Unternehmen) konnte Solaga seine Technologie pr\u00e4sentieren. Bei dem Treffen von kommunalen W\u00e4rmeversorgern und Stadtwerken sowie anderen Verb\u00e4nden (Gemeindebund), Universit\u00e4ten (BTU Cottbus) und Stiftungen [&hellip;]","og_url":"https:\/\/www.solaga.de\/en\/2017\/03\/solaga-haelt-impulsvortrag-beim-vku\/","og_site_name":"Solaga - Besseres Klima durch Algenwand","article_publisher":"https:\/\/www.facebook.com\/solagabiotech\/","article_published_time":"2017-03-07T10:23:03+00:00","article_modified_time":"2021-12-16T21:09:52+00:00","og_image":[{"url":"http:\/\/solaga.de\/wp-content\/uploads\/2017\/03\/JurPPQkC.jpeg","type":"","width":"","height":""}],"author":"Johann Bauerfeind","twitter_card":"summary_large_image","twitter_creator":"@solagade","twitter_site":"@solagade","twitter_misc":{"Written by":"Johann Bauerfeind"},"schema":{"@context":"https:\/\/schema.org","@graph":[{"@type":"Article","@id":"https:\/\/www.solaga.de\/2017\/03\/solaga-haelt-impulsvortrag-beim-vku\/#article","isPartOf":{"@id":"https:\/\/www.solaga.de\/2017\/03\/solaga-haelt-impulsvortrag-beim-vku\/"},"author":{"name":"Johann Bauerfeind","@id":"https:\/\/www.solaga.de\/#\/schema\/person\/872d56a442fcdf3ecd5b9f86c5f64847"},"headline":"Solaga h\u00e4lt Impulsvortrag beim VKU","datePublished":"2017-03-07T10:23:03+00:00","dateModified":"2021-12-16T21:09:52+00:00","mainEntityOfPage":{"@id":"https:\/\/www.solaga.de\/2017\/03\/solaga-haelt-impulsvortrag-beim-vku\/"},"wordCount":57,"commentCount":0,"publisher":{"@id":"https:\/\/www.solaga.de\/#organization"},"image":{"@id":"https:\/\/www.solaga.de\/2017\/03\/solaga-haelt-impulsvortrag-beim-vku\/#primaryimage"},"thumbnailUrl":"http:\/\/solaga.de\/wp-content\/uploads\/2017\/03\/JurPPQkC.jpeg","articleSection":["Blog"],"inLanguage":"en-GB","potentialAction":[{"@type":"CommentAction","name":"Comment","target":["https:\/\/www.solaga.de\/2017\/03\/solaga-haelt-impulsvortrag-beim-vku\/#respond"]}]},{"@type":"WebPage","@id":"https:\/\/www.solaga.de\/2017\/03\/solaga-haelt-impulsvortrag-beim-vku\/","url":"https:\/\/www.solaga.de\/2017\/03\/solaga-haelt-impulsvortrag-beim-vku\/","name":"Solaga h\u00e4lt Impulsvortrag beim VKU - Solaga - Besseres Klima durch Algenwand","isPartOf":{"@id":"https:\/\/www.solaga.de\/#website"},"primaryImageOfPage":{"@id":"https:\/\/www.solaga.de\/2017\/03\/solaga-haelt-impulsvortrag-beim-vku\/#primaryimage"},"image":{"@id":"https:\/\/www.solaga.de\/2017\/03\/solaga-haelt-impulsvortrag-beim-vku\/#primaryimage"},"thumbnailUrl":"http:\/\/solaga.de\/wp-content\/uploads\/2017\/03\/JurPPQkC.jpeg","datePublished":"2017-03-07T10:23:03+00:00","dateModified":"2021-12-16T21:09:52+00:00","breadcrumb":{"@id":"https:\/\/www.solaga.de\/2017\/03\/solaga-haelt-impulsvortrag-beim-vku\/#breadcrumb"},"inLanguage":"en-GB","potentialAction":[{"@type":"ReadAction","target":["https:\/\/www.solaga.de\/2017\/03\/solaga-haelt-impulsvortrag-beim-vku\/"]}]},{"@type":"ImageObject","inLanguage":"en-GB","@id":"https:\/\/www.solaga.de\/2017\/03\/solaga-haelt-impulsvortrag-beim-vku\/#primaryimage","url":"http:\/\/solaga.de\/wp-content\/uploads\/2017\/03\/JurPPQkC.jpeg","contentUrl":"http:\/\/solaga.de\/wp-content\/uploads\/2017\/03\/JurPPQkC.jpeg"},{"@type":"BreadcrumbList","@id":"https:\/\/www.solaga.de\/2017\/03\/solaga-haelt-impulsvortrag-beim-vku\/#breadcrumb","itemListElement":[{"@type":"ListItem","position":1,"name":"Startseite","item":"https:\/\/www.solaga.de\/"},{"@type":"ListItem","position":2,"name":"Solaga h\u00e4lt Impulsvortrag beim VKU"}]},{"@type":"WebSite","@id":"https:\/\/www.solaga.de\/#website","url":"https:\/\/www.solaga.de\/","name":"Solaga","description":"Solaga - F\u00fcr gr\u00fcnere und bessere Luft","publisher":{"@id":"https:\/\/www.solaga.de\/#organization"},"potentialAction":[{"@type":"SearchAction","target":{"@type":"EntryPoint","urlTemplate":"https:\/\/www.solaga.de\/?s={search_term_string}"},"query-input":{"@type":"PropertyValueSpecification","valueRequired":true,"valueName":"search_term_string"}}],"inLanguage":"en-GB"},{"@type":"Organization","@id":"https:\/\/www.solaga.de\/#organization","name":"Solaga","url":"https:\/\/www.solaga.de\/","logo":{"@type":"ImageObject","inLanguage":"en-GB","@id":"https:\/\/www.solaga.de\/#\/schema\/logo\/image\/","url":"https:\/\/www.solaga.de\/wp-content\/uploads\/2018\/08\/logo_film.jpg","contentUrl":"https:\/\/www.solaga.de\/wp-content\/uploads\/2018\/08\/logo_film.jpg","width":2672,"height":933,"caption":"Solaga"},"image":{"@id":"https:\/\/www.solaga.de\/#\/schema\/logo\/image\/"},"sameAs":["https:\/\/www.facebook.com\/solagabiotech\/","https:\/\/x.com\/solagade","https:\/\/www.instagram.com\/solaga.de","https:\/\/de.linkedin.com\/company\/solaga","https:\/\/www.youtube.com\/channel\/UCLUcLurk3_16zP2d3qHuJiw"]},{"@type":"Person","@id":"https:\/\/www.solaga.de\/#\/schema\/person\/872d56a442fcdf3ecd5b9f86c5f64847","name":"Johann Bauerfeind","image":{"@type":"ImageObject","inLanguage":"en-GB","@id":"https:\/\/secure.gravatar.com\/avatar\/47c75aae355d60685c96e34edb906df689c295cc33908d7a43c21b87379cdd1c?s=96&d=mm&r=g","url":"https:\/\/secure.gravatar.com\/avatar\/47c75aae355d60685c96e34edb906df689c295cc33908d7a43c21b87379cdd1c?s=96&d=mm&r=g","contentUrl":"https:\/\/secure.gravatar.com\/avatar\/47c75aae355d60685c96e34edb906df689c295cc33908d7a43c21b87379cdd1c?s=96&d=mm&r=g","caption":"Johann Bauerfeind"},"url":"https:\/\/www.solaga.de\/en\/author\/johann\/"}]}},"_links":{"self":[{"href":"https:\/\/www.solaga.de\/en\/wp-json\/wp\/v2\/posts\/325","targetHints":{"allow":["GET"]}}],"collection":[{"href":"https:\/\/www.solaga.de\/en\/wp-json\/wp\/v2\/posts"}],"about":[{"href":"https:\/\/www.solaga.de\/en\/wp-json\/wp\/v2\/types\/post"}],"author":[{"embeddable":true,"href":"https:\/\/www.solaga.de\/en\/wp-json\/wp\/v2\/users\/24"}],"replies":[{"embeddable":true,"href":"https:\/\/www.solaga.de\/en\/wp-json\/wp\/v2\/comments?post=325"}],"version-history":[{"count":0,"href":"https:\/\/www.solaga.de\/en\/wp-json\/wp\/v2\/posts\/325\/revisions"}],"wp:attachment":[{"href":"https:\/\/www.solaga.de\/en\/wp-json\/wp\/v2\/media?parent=325"}],"wp:term":[{"taxonomy":"category","embeddable":true,"href":"https:\/\/www.solaga.de\/en\/wp-json\/wp\/v2\/categories?post=325"},{"taxonomy":"post_tag","embeddable":true,"href":"https:\/\/www.solaga.de\/en\/wp-json\/wp\/v2\/tags?post=325"}],"curies":[{"name":"wp","href":"https:\/\/api.w.org\/{rel}","templated":true}]}}